{"id":1174,"date":"2026-04-24T13:14:10","date_gmt":"2026-04-24T13:14:10","guid":{"rendered":"https:\/\/kiberklaszter.hu\/?p=1174"},"modified":"2026-04-24T13:14:10","modified_gmt":"2026-04-24T13:14:10","slug":"megrendezesre-kerult-szegeden-a-tech-trend-show-2026","status":"publish","type":"post","link":"https:\/\/kiberklaszter.hu\/en\/2026\/04\/24\/megrendezesre-kerult-szegeden-a-tech-trend-show-2026\/","title":{"rendered":"Tech Trend Show 2026 was held in Szeged"},"content":{"rendered":"<p>A Tech Trend Show 2026. Szegeden megtartott rendezv\u00e9nyen egy\u00fcttm\u0171k\u00f6d\u00e9si meg\u00e1llapod\u00e1st k\u00f6t\u00f6tt a Szoftveripari P\u00f3lus Klaszter (Gyenizse P\u00e1l) \u00e9s a Magyar Kiberbiztons\u00e1gi Klaszter (Mikl\u00f3s M\u00e1rton), ami fontos l\u00e9p\u00e9s a hazai kkv-k digit\u00e1lis fejl\u0151d\u00e9s\u00e9nek t\u00e1mogat\u00e1s\u00e1ban.<\/p>\n<p>Az egy\u00fcttm\u0171k\u00f6d\u00e9s c\u00e9lja, hogy a v\u00e1llalkoz\u00e1sok ne csak elm\u00e9leti ismereteket kapjanak a digitaliz\u00e1ci\u00f3r\u00f3l, hanem gyakorlati seg\u00edts\u00e9get is, k\u00fcl\u00f6n\u00f6sen a kiberbiztons\u00e1g \u00e9s a mesters\u00e9ges intelligencia ter\u00fclet\u00e9n. A Magyar Kiberbiztons\u00e1gi Klaszter sz\u00e1m\u00e1ra ez kiemelten fontos lehet\u0151s\u00e9g, hiszen \u00edgy m\u00e9g sz\u00e9lesebb k\u00f6rben tudja megosztani tagjai szakmai tud\u00e1s\u00e1t \u00e9s tapasztalat\u00e1t a kisebb c\u00e9gekkel is.<\/p>\n<p>A kiberbiztons\u00e1g ma m\u00e1r nem k\u00fcl\u00f6n\u00e1ll\u00f3 ter\u00fclet, hanem a digitaliz\u00e1ci\u00f3 alapvet\u0151 r\u00e9sze. Ezt er\u0151s\u00edti az\u00a0 esem\u00e9nyen Mikl\u00f3s M\u00e1rton el\u0151ad\u00e1s\u00e1ban ismertetett NIS2 ir\u00e1nyelv is, amely egyre t\u00f6bb v\u00e1llalkoz\u00e1s sz\u00e1m\u00e1ra teszi elengedhetetlenn\u00e9 a tudatos felk\u00e9sz\u00fcl\u00e9st \u00e9s a megfelel\u0151 biztons\u00e1gi megold\u00e1sok alkalmaz\u00e1s\u00e1t. A klaszter egy\u00fcttm\u0171k\u00f6d\u00e9se ebben ny\u00fajthat k\u00e9zzelfoghat\u00f3 t\u00e1mogat\u00e1st: szakmai tud\u00e1smegoszt\u00e1ssal, k\u00f6z\u00f6s fell\u00e9p\u00e9ssel \u00e9s a v\u00e1llalkoz\u00e1sok ig\u00e9nyeire szabott seg\u00edts\u00e9ggel.<\/p>\n<p>A Magyar Kiberbiztons\u00e1gi Klaszter soksz\u00edn\u0171 tags\u00e1ga \u2013 v\u00e1llalatok, egyetemi szerepl\u0151k \u00e9s civil szervezetek \u2013 er\u0151s alapot ad ahhoz, hogy a kiberbiztons\u00e1gi kih\u00edv\u00e1sokra ne csak technol\u00f3giai, hanem strat\u00e9giai \u00e9s szervezeti v\u00e1laszok is sz\u00fclessenek. Az egy\u00fcttm\u0171k\u00f6d\u00e9s \u00edgy nemcsak a megfelel\u00e9si k\u00f6telezetts\u00e9gek teljes\u00edt\u00e9s\u00e9t seg\u00edtheti, hanem hozz\u00e1j\u00e1rulhat a hazai v\u00e1llalkoz\u00e1sok hossz\u00fa t\u00e1v\u00fa versenyk\u00e9pess\u00e9g\u00e9hez is.<\/p>\n<p>A meg\u00e1llapod\u00e1s j\u00f3l mutatja, hogy a digitaliz\u00e1ci\u00f3 \u00e9s a kiberbiztons\u00e1g csak egy\u00fctt lehet igaz\u00e1n eredm\u00e9nyes, \u00e9s ebben a klaszterek k\u00f6z\u00f6tti partners\u00e9gnek kulcsszerepe van.<\/p>\n<p>&nbsp;<\/p>\n<p>Cover image source: <a href=\"https:\/\/szegediprogramok.hu\/hu\/event\/tech-trend-show-2026\/20674\/\">Tech Trend Show 2026 &#8211; SzegediProgramok &#8211; A szegedi programok otthona!<\/a><\/p>","protected":false},"excerpt":{"rendered":"<p>A Tech Trend Show 2026. Szegeden megtartott rendezv\u00e9nyen egy\u00fcttm\u0171k\u00f6d\u00e9si meg\u00e1llapod\u00e1st k\u00f6t\u00f6tt a Szoftveripari P\u00f3lus Klaszter (Gyenizse P\u00e1l) \u00e9s a Magyar Kiberbiztons\u00e1gi Klaszter (Mikl\u00f3s M\u00e1rton), ami fontos l\u00e9p\u00e9s a hazai kkv-k digit\u00e1lis fejl\u0151d\u00e9s\u00e9nek t\u00e1mogat\u00e1s\u00e1ban. Az egy\u00fcttm\u0171k\u00f6d\u00e9s c\u00e9lja, hogy a v\u00e1llalkoz\u00e1sok ne csak elm\u00e9leti ismereteket kapjanak a digitaliz\u00e1ci\u00f3r\u00f3l, hanem gyakorlati seg\u00edts\u00e9get is, k\u00fcl\u00f6n\u00f6sen a kiberbiztons\u00e1g \u00e9s a [&hellip;]<\/p>","protected":false},"author":5,"featured_media":1177,"comment_status":"closed","ping_status":"closed","sticky":false,"template":"","format":"standard","meta":{"_seopress_robots_primary_cat":"none","_seopress_titles_title":"","_seopress_titles_desc":"","_seopress_robots_index":"","footnotes":""},"categories":[1],"tags":[],"class_list":["post-1174","post","type-post","status-publish","format-standard","has-post-thumbnail","hentry","category-uncategorized"],"_links":{"self":[{"href":"https:\/\/kiberklaszter.hu\/en\/wp-json\/wp\/v2\/posts\/1174","targetHints":{"allow":["GET"]}}],"collection":[{"href":"https:\/\/kiberklaszter.hu\/en\/wp-json\/wp\/v2\/posts"}],"about":[{"href":"https:\/\/kiberklaszter.hu\/en\/wp-json\/wp\/v2\/types\/post"}],"author":[{"embeddable":true,"href":"https:\/\/kiberklaszter.hu\/en\/wp-json\/wp\/v2\/users\/5"}],"replies":[{"embeddable":true,"href":"https:\/\/kiberklaszter.hu\/en\/wp-json\/wp\/v2\/comments?post=1174"}],"version-history":[{"count":2,"href":"https:\/\/kiberklaszter.hu\/en\/wp-json\/wp\/v2\/posts\/1174\/revisions"}],"predecessor-version":[{"id":1179,"href":"https:\/\/kiberklaszter.hu\/en\/wp-json\/wp\/v2\/posts\/1174\/revisions\/1179"}],"wp:featuredmedia":[{"embeddable":true,"href":"https:\/\/kiberklaszter.hu\/en\/wp-json\/wp\/v2\/media\/1177"}],"wp:attachment":[{"href":"https:\/\/kiberklaszter.hu\/en\/wp-json\/wp\/v2\/media?parent=1174"}],"wp:term":[{"taxonomy":"category","embeddable":true,"href":"https:\/\/kiberklaszter.hu\/en\/wp-json\/wp\/v2\/categories?post=1174"},{"taxonomy":"post_tag","embeddable":true,"href":"https:\/\/kiberklaszter.hu\/en\/wp-json\/wp\/v2\/tags?post=1174"}],"curies":[{"name":"wp","href":"https:\/\/api.w.org\/{rel}","templated":true}]}}