{"id":1427,"date":"2026-09-02T15:17:13","date_gmt":"2026-09-02T15:17:13","guid":{"rendered":"https:\/\/kiberklaszter.hu\/?p=1427"},"modified":"2026-09-02T15:17:13","modified_gmt":"2026-09-02T15:17:13","slug":"nis2-a-leggyakoribb-tevhitek","status":"publish","type":"post","link":"https:\/\/kiberklaszter.hu\/en\/2026\/09\/02\/nis2-a-leggyakoribb-tevhitek\/","title":{"rendered":"NIS2: the most common misconceptions"},"content":{"rendered":"<p><b><span data-contrast=\"auto\">A NIS2 ir\u00e1nyelv bevezet\u00e9se \u00f3ta rengeteg f\u00e9lre\u00e9rt\u00e9s kering a v\u00e1llalkoz\u00e1sok k\u00f6r\u00e9ben arr\u00f3l, kire vonatkozik, \u00e9s mit is jelent val\u00f3j\u00e1ban a megfelel\u00e9s. Ezek a t\u00e9vhitek\u00a0komoly kock\u00e1zatot is okozhatnak \u2013 hiszen Magyarorsz\u00e1gon becsl\u00e9sek szerint k\u00f6zel n\u00e9gyezer v\u00e1llalkoz\u00e1s tartozik a szab\u00e1lyoz\u00e1s hat\u00e1lya al\u00e1.<\/span><\/b><span data-ccp-props=\"{}\">\u00a0<\/span><\/p>\n<p><span data-contrast=\"auto\">\u202f<\/span><span data-ccp-props=\"{}\">\u00a0<\/span><\/p>\n<p><b><span data-contrast=\"auto\">&#8222;Ez csak a kritikus infrastrukt\u00far\u00e1t \u00e9rinti&#8221;<\/span><\/b><span data-ccp-props=\"{}\">\u00a0<\/span><\/p>\n<p><span data-contrast=\"auto\">A val\u00f3s\u00e1g enn\u00e9l j\u00f3val t\u00e1gabb. A NIS2 nem csak azokra a klasszikus szektorokra vonatkozik, amelyeket a kor\u00e1bbi NIS ir\u00e1nyelv is lefedett \u2013 kiterjed a teljes ell\u00e1t\u00e1si l\u00e1ncra is. Az energiaszektorban p\u00e9ld\u00e1ul kor\u00e1bban csak a villamosenergia- \u00e9s g\u00e1z\u00e1gazat szerepl\u0151it \u00e9rintette a szab\u00e1lyoz\u00e1s, m\u00e1ra viszont a sz\u00e9lturbin\u00e1k gy\u00e1rt\u00f3i \u00e9s az elektromos t\u00f6lt\u0151\u00e1llom\u00e1sok \u00fczemeltet\u0151i is a hat\u00e1lya al\u00e1 ker\u00fclhetnek. Sok v\u00e1llalkoz\u00e1s pontosan emiatt azonos\u00edtotta mag\u00e1t t\u00e9vesen \u00e9rintettk\u00e9nt \u2013 vagy \u00e9ppen nem ismerte fel, hogy val\u00f3j\u00e1ban \u00e9rintett.<\/span><span data-ccp-props=\"{}\">\u00a0<\/span><\/p>\n<p><b><span data-contrast=\"auto\">&#8222;Ez csak az informatikai oszt\u00e1ly feladata&#8221;<\/span><\/b><span data-ccp-props=\"{}\">\u00a0<\/span><\/p>\n<p><span data-contrast=\"auto\">Ez az egyik legelterjedtebb \u00e9s legvesz\u00e9lyesebb t\u00e9vhit. A NIS2-megfelel\u00e9s nem sz\u0171k\u00edthet\u0151 le egyetlen r\u00e9szlegre: \u00e9rinti a jogi, a HR-, a beszerz\u00e9si \u00e9s a vezet\u0151i ter\u00fcleteket is, hiszen a kock\u00e1zatkezel\u00e9s\u00e9rt a szab\u00e1lyoz\u00e1s kifejezetten a vezet\u00e9st teszi felel\u0151ss\u00e9. Ha a megfelel\u00e9s csak az IT-csapat asztal\u00e1n landol, a folyamat k\u00f6nnyen\u00a0megcs\u00faszhat\u00a0vagy hi\u00e1nyos marad.<\/span><span data-ccp-props=\"{}\">\u00a0<\/span><\/p>\n<p><b><span data-contrast=\"auto\">&#8222;El\u00e9g, ha pap\u00edron megvan az incidenskezel\u00e9si terv&#8221;<\/span><\/b><span data-ccp-props=\"{}\">\u00a0<\/span><\/p>\n<p><span data-contrast=\"auto\">A NIS2 nem el\u00e9gszik meg egy fi\u00f3kban porosod\u00f3 dokumentummal. A szab\u00e1lyoz\u00e1s konkr\u00e9t, szigor\u00fa jelent\u00e9si hat\u00e1rid\u0151ket \u00edr el\u0151 (24, 72, illetve 30 napos l\u00e9pcs\u0151kben), amelyeket csak rendszeresen tesztelt, val\u00f3s idej\u0171 fel\u00fcgyelettel \u00e9s gyakorlatban is m\u0171k\u00f6d\u0151 incidenskezel\u00e9si folyamattal lehet tartani.<\/span><span data-ccp-props=\"{}\">\u00a0<\/span><\/p>\n<p><b><span data-contrast=\"auto\">&#8222;Ha egyszer megfelelt\u00fcnk, ezzel le van tudva&#8221;<\/span><\/b><span data-ccp-props=\"{}\">\u00a0<\/span><\/p>\n<p><span data-contrast=\"auto\">A megfelel\u00e9s nem egyszeri projekt, hanem folyamatos feladat: a kock\u00e1zatkezel\u00e9si rendszert, a fenyeget\u00e9si k\u00f6rnyezetet \u00e9s a besz\u00e1ll\u00edt\u00f3i kapcsolatokat rendszeresen fel\u00fcl kell vizsg\u00e1lni, ahogy a szervezet \u00e9s a technol\u00f3giai k\u00f6rnyezet is folyamatosan v\u00e1ltozik.<\/span><span data-ccp-props=\"{}\">\u00a0<\/span><\/p>\n<p><b><span data-contrast=\"auto\">Hol \u00e9rdemes tiszt\u00e1zni a saj\u00e1t helyzet\u00fcnket?<\/span><\/b><span data-ccp-props=\"{}\">\u00a0<\/span><\/p>\n<p><span data-contrast=\"auto\">Mivel az \u00e9rintetts\u00e9g pontos meg\u00edt\u00e9l\u00e9se \u00f6nmag\u00e1ban is szak\u00e9rtelmet ig\u00e9nyel, \u00e9rdemes ezt szakemberrel \u00e1tbesz\u00e9lni ahelyett, hogy felt\u00e9telez\u00e9sekre hagyatkozn\u00e1nk. A klaszter NIS2-vel kapcsolatos anyagai a\u00a0<\/span><a href=\"https:\/\/kiberklaszter.hu\/en\/nis2\/\"><span data-contrast=\"none\">kiberklaszter.hu\/nis2<\/span><\/a><span data-contrast=\"auto\">\u00a0oldalon \u00e9rhet\u0151k el.<\/span><span data-ccp-props=\"{}\">\u00a0<\/span><\/p>","protected":false},"excerpt":{"rendered":"<p>A NIS2 ir\u00e1nyelv bevezet\u00e9se \u00f3ta rengeteg f\u00e9lre\u00e9rt\u00e9s kering a v\u00e1llalkoz\u00e1sok k\u00f6r\u00e9ben arr\u00f3l, kire vonatkozik, \u00e9s mit is jelent val\u00f3j\u00e1ban a megfelel\u00e9s. Ezek a t\u00e9vhitek\u00a0komoly kock\u00e1zatot is okozhatnak \u2013 hiszen Magyarorsz\u00e1gon becsl\u00e9sek szerint k\u00f6zel n\u00e9gyezer v\u00e1llalkoz\u00e1s tartozik a szab\u00e1lyoz\u00e1s hat\u00e1lya al\u00e1.\u00a0 \u202f\u00a0 &#8222;Ez csak a kritikus infrastrukt\u00far\u00e1t \u00e9rinti&#8221;\u00a0 A val\u00f3s\u00e1g enn\u00e9l j\u00f3val t\u00e1gabb. A NIS2 nem [&hellip;]<\/p>","protected":false},"author":5,"featured_media":1430,"comment_status":"closed","ping_status":"closed","sticky":false,"template":"","format":"standard","meta":{"_seopress_robots_primary_cat":"none","_seopress_titles_title":"","_seopress_titles_desc":"","_seopress_robots_index":"","footnotes":""},"categories":[1],"tags":[],"class_list":["post-1427","post","type-post","status-publish","format-standard","has-post-thumbnail","hentry","category-uncategorized"],"_links":{"self":[{"href":"https:\/\/kiberklaszter.hu\/en\/wp-json\/wp\/v2\/posts\/1427","targetHints":{"allow":["GET"]}}],"collection":[{"href":"https:\/\/kiberklaszter.hu\/en\/wp-json\/wp\/v2\/posts"}],"about":[{"href":"https:\/\/kiberklaszter.hu\/en\/wp-json\/wp\/v2\/types\/post"}],"author":[{"embeddable":true,"href":"https:\/\/kiberklaszter.hu\/en\/wp-json\/wp\/v2\/users\/5"}],"replies":[{"embeddable":true,"href":"https:\/\/kiberklaszter.hu\/en\/wp-json\/wp\/v2\/comments?post=1427"}],"version-history":[{"count":1,"href":"https:\/\/kiberklaszter.hu\/en\/wp-json\/wp\/v2\/posts\/1427\/revisions"}],"predecessor-version":[{"id":1431,"href":"https:\/\/kiberklaszter.hu\/en\/wp-json\/wp\/v2\/posts\/1427\/revisions\/1431"}],"wp:featuredmedia":[{"embeddable":true,"href":"https:\/\/kiberklaszter.hu\/en\/wp-json\/wp\/v2\/media\/1430"}],"wp:attachment":[{"href":"https:\/\/kiberklaszter.hu\/en\/wp-json\/wp\/v2\/media?parent=1427"}],"wp:term":[{"taxonomy":"category","embeddable":true,"href":"https:\/\/kiberklaszter.hu\/en\/wp-json\/wp\/v2\/categories?post=1427"},{"taxonomy":"post_tag","embeddable":true,"href":"https:\/\/kiberklaszter.hu\/en\/wp-json\/wp\/v2\/tags?post=1427"}],"curies":[{"name":"wp","href":"https:\/\/api.w.org\/{rel}","templated":true}]}}